{"id":48,"date":"2023-05-21T19:42:00","date_gmt":"2023-05-21T19:42:00","guid":{"rendered":"https:\/\/dekarzswarzedz.pl\/cz\/?p=48"},"modified":"2023-05-21T19:42:02","modified_gmt":"2023-05-21T19:42:02","slug":"lze-mrazit-rabarbar-jak-zamrazit-a-skladovat-rabarbar","status":"publish","type":"post","link":"https:\/\/dekarzswarzedz.pl\/cz\/obecne\/lze-mrazit-rabarbar-jak-zamrazit-a-skladovat-rabarbar\/","title":{"rendered":"Lze mrazit rabarbar? Jak zamrazit a skladovat rabarbar?"},"content":{"rendered":"\n<div id=\"ez-toc-container\" class=\"ez-toc-v2_0_82_2 counter-hierarchy ez-toc-counter ez-toc-grey ez-toc-container-direction\">\n<div class=\"ez-toc-title-container\">\n<p class=\"ez-toc-title\" style=\"cursor:inherit\">Obsah<\/p>\n<span class=\"ez-toc-title-toggle\"><a href=\"#\" class=\"ez-toc-pull-right ez-toc-btn ez-toc-btn-xs ez-toc-btn-default ez-toc-toggle\" aria-label=\"Toggle Table of Content\"><span class=\"ez-toc-js-icon-con\"><span class=\"\"><span class=\"eztoc-hide\" style=\"display:none;\">Toggle<\/span><span class=\"ez-toc-icon-toggle-span\"><svg style=\"fill: #999;color:#999\" xmlns=\"http:\/\/www.w3.org\/2000\/svg\" class=\"list-377408\" width=\"20px\" height=\"20px\" viewBox=\"0 0 24 24\" fill=\"none\"><path d=\"M6 6H4v2h2V6zm14 0H8v2h12V6zM4 11h2v2H4v-2zm16 0H8v2h12v-2zM4 16h2v2H4v-2zm16 0H8v2h12v-2z\" fill=\"currentColor\"><\/path><\/svg><svg style=\"fill: #999;color:#999\" class=\"arrow-unsorted-368013\" xmlns=\"http:\/\/www.w3.org\/2000\/svg\" width=\"10px\" height=\"10px\" viewBox=\"0 0 24 24\" version=\"1.2\" baseProfile=\"tiny\"><path d=\"M18.2 9.3l-6.2-6.3-6.2 6.3c-.2.2-.3.4-.3.7s.1.5.3.7c.2.2.4.3.7.3h11c.3 0 .5-.1.7-.3.2-.2.3-.5.3-.7s-.1-.5-.3-.7zM5.8 14.7l6.2 6.3 6.2-6.3c.2-.2.3-.5.3-.7s-.1-.5-.3-.7c-.2-.2-.4-.3-.7-.3h-11c-.3 0-.5.1-.7.3-.2.2-.3.5-.3.7s.1.5.3.7z\"\/><\/svg><\/span><\/span><\/span><\/a><\/span><\/div>\n<nav><ul class='ez-toc-list ez-toc-list-level-1 ' ><li class='ez-toc-page-1 ez-toc-heading-level-2'><a class=\"ez-toc-link ez-toc-heading-1\" href=\"https:\/\/dekarzswarzedz.pl\/cz\/obecne\/lze-mrazit-rabarbar-jak-zamrazit-a-skladovat-rabarbar\/#Jak_zamrazit_a_skladovat_rabarbar\" >Jak zamrazit a skladovat rabarbar?<\/a><\/li><li class='ez-toc-page-1 ez-toc-heading-level-2'><a class=\"ez-toc-link ez-toc-heading-2\" href=\"https:\/\/dekarzswarzedz.pl\/cz\/obecne\/lze-mrazit-rabarbar-jak-zamrazit-a-skladovat-rabarbar\/#Pripravte_se_na_zamrazeni_a_skladovani_rabarbaru\" >P\u0159ipravte se na zamrazen\u00ed a skladov\u00e1n\u00ed rabarbaru<\/a><\/li><li class='ez-toc-page-1 ez-toc-heading-level-2'><a class=\"ez-toc-link ez-toc-heading-3\" href=\"https:\/\/dekarzswarzedz.pl\/cz\/obecne\/lze-mrazit-rabarbar-jak-zamrazit-a-skladovat-rabarbar\/#Jak_pouzivat_zmrazeny_rabarbar\" >Jak pou\u017e\u00edvat zmrazen\u00fd rabarbar?<\/a><\/li><\/ul><\/nav><\/div>\n<h2 class=\"wp-block-heading\"><span class=\"ez-toc-section\" id=\"Jak_zamrazit_a_skladovat_rabarbar\"><\/span>Jak zamrazit a skladovat rabarbar? <span class=\"ez-toc-section-end\"><\/span><\/h2>\n\n\n\n<p>Sezona rabarbaru je kr\u00e1tk\u00e1, ale pokud se budete \u0159\u00eddit na\u0161imi radami ohledn\u011b zamra\u017een\u00ed a skladov\u00e1n\u00ed, m\u016f\u017eete toto zeleninov\u00e9 ovoce pou\u017e\u00edvat po cel\u00fd rok.<\/p>\n\n\n\n<p>Rabarbar, chutn\u00e1 a nedocen\u011bn\u00e1 zelenina, dosahuje sv\u00e9ho vrcholu od dubna do \u010dervna &#8211; p\u0159esn\u011b na Velikonoce a Den matek. Rabarbar, tak\u00e9 zn\u00e1m\u00fd jako \u0159e\u0159icha, m\u00e1 kyselou chu\u0165 a v\u00fdraznou barvu. Jeho listy jsou jedovat\u00e9, ale stonky jsou bezpe\u010dn\u00e9 k j\u00eddlu a po uva\u0159en\u00ed se sladidlem jsou pom\u011brn\u011b chutn\u00e9, co\u017e z nich \u010din\u00ed skv\u011bl\u00fd p\u0159\u00edsp\u011bvek do mnoha dezert\u016f. D\u00edky spr\u00e1vn\u00e9mu zamrazen\u00ed a skladov\u00e1n\u00ed si m\u016f\u017eete vychutnat tuto zeleninu po mnoho m\u011bs\u00edc\u016f, i kdy\u017e je sez\u00f3na sb\u011bru kr\u00e1tk\u00e1.<\/p>\n\n\n\n<h2 class=\"wp-block-heading\"><span class=\"ez-toc-section\" id=\"Pripravte_se_na_zamrazeni_a_skladovani_rabarbaru\"><\/span>P\u0159ipravte se na zamrazen\u00ed a skladov\u00e1n\u00ed rabarbaru <span class=\"ez-toc-section-end\"><\/span><\/h2>\n\n\n\n<p>Nejjednodu\u0161\u0161\u00edm zp\u016fsobem, jak skladovat rabarbar a m\u00edt ho k dispozici, a\u017e skon\u010d\u00ed jeho sez\u00f3na, je jej zamrazit &#8211; je to jednoduch\u00fd a nen\u00e1ro\u010dn\u00fd proces. Za\u010dn\u011bte t\u00edm, \u017ee nakr\u00e1j\u00edte stonky na kousky o d\u00e9lce jednoho centimetru; polo\u017ete je plochou stranou na plech vylo\u017een\u00fd pe\u010dic\u00edm pap\u00edrem. Zamrazte je, dokud nezatvrdnou na dotek, co\u017e trv\u00e1 n\u011bkolik hodin. Pot\u00e9 je um\u00edst\u011bte do mrazic\u00edch s\u00e1\u010dk\u016f a skladujte v mraz\u00e1ku po dobu a\u017e jednoho roku.<\/p>\n\n\n\n<h2 class=\"wp-block-heading\"><span class=\"ez-toc-section\" id=\"Jak_pouzivat_zmrazeny_rabarbar\"><\/span>Jak pou\u017e\u00edvat zmrazen\u00fd rabarbar? <span class=\"ez-toc-section-end\"><\/span><\/h2>\n\n\n\n<p>Zmra\u017een\u00fd rabarbar pou\u017e\u00edvejte stejn\u00fdm zp\u016fsobem jako \u010derstv\u00fd &#8211; do om\u00e1\u010dek, kol\u00e1\u010d\u016f a drobenek. Skv\u011ble se kombinuje s ovocem, jako jsou jahody, ve sladk\u00fdch pochoutk\u00e1ch, jako jsou kol\u00e1\u010dky s rabarbarem a drobenkou, a je vynikaj\u00edc\u00ed ve slavnostn\u00edm dortu z rabarbaru s italskou pavlovkou. Z rabarbaru si m\u016f\u017eete p\u0159ipravit i kompot, kter\u00fd ud\u011bl\u00e1 z ka\u017ed\u00e9ho klasick\u00e9ho s\u00fdrov\u00e9ho dortu nebo dokonce topinku pochoutku s rabarbarem. Bez ohledu na to, kter\u00fd recept si vyberete, rabarbar je okouzluj\u00edc\u00ed jarn\u00ed chu\u0165, kter\u00e1 dod\u00e1 va\u0161emu dal\u0161\u00edmu spole\u010densk\u00e9mu setk\u00e1n\u00ed n\u011bco nav\u00edc.<\/p>\n<div style='text-align:center' class='yasr-auto-insert-visitor'><\/div>","protected":false},"excerpt":{"rendered":"<p>Jak zamrazit a skladovat rabarbar? Sezona rabarbaru je kr\u00e1tk\u00e1, ale pokud se budete \u0159\u00eddit na\u0161imi radami ohledn\u011b zamra\u017een\u00ed a skladov\u00e1n\u00ed, m\u016f\u017eete toto zeleninov\u00e9 ovoce pou\u017e\u00edvat po cel\u00fd rok. Rabarbar, chutn\u00e1 a nedocen\u011bn\u00e1 zelenina, dosahuje sv\u00e9ho vrcholu od dubna do \u010dervna &#8211; p\u0159esn\u011b na Velikonoce a Den matek. Rabarbar, tak\u00e9 zn\u00e1m\u00fd<span class=\"more-link\"><a href=\"https:\/\/dekarzswarzedz.pl\/cz\/obecne\/lze-mrazit-rabarbar-jak-zamrazit-a-skladovat-rabarbar\/\">Continue Reading<\/a><\/span><\/p>\n","protected":false},"author":1,"featured_media":49,"comment_status":"open","ping_status":"open","sticky":false,"template":"","format":"standard","meta":{"yasr_overall_rating":0,"yasr_post_is_review":"","yasr_auto_insert_disabled":"","yasr_review_type":""},"categories":[2],"tags":[],"yasr_visitor_votes":{"stars_attributes":{"read_only":false,"span_bottom":false},"number_of_votes":1,"sum_votes":5},"_links":{"self":[{"href":"https:\/\/dekarzswarzedz.pl\/cz\/wp-json\/wp\/v2\/posts\/48"}],"collection":[{"href":"https:\/\/dekarzswarzedz.pl\/cz\/wp-json\/wp\/v2\/posts"}],"about":[{"href":"https:\/\/dekarzswarzedz.pl\/cz\/wp-json\/wp\/v2\/types\/post"}],"author":[{"embeddable":true,"href":"https:\/\/dekarzswarzedz.pl\/cz\/wp-json\/wp\/v2\/users\/1"}],"replies":[{"embeddable":true,"href":"https:\/\/dekarzswarzedz.pl\/cz\/wp-json\/wp\/v2\/comments?post=48"}],"version-history":[{"count":1,"href":"https:\/\/dekarzswarzedz.pl\/cz\/wp-json\/wp\/v2\/posts\/48\/revisions"}],"predecessor-version":[{"id":50,"href":"https:\/\/dekarzswarzedz.pl\/cz\/wp-json\/wp\/v2\/posts\/48\/revisions\/50"}],"wp:featuredmedia":[{"embeddable":true,"href":"https:\/\/dekarzswarzedz.pl\/cz\/wp-json\/wp\/v2\/media\/49"}],"wp:attachment":[{"href":"https:\/\/dekarzswarzedz.pl\/cz\/wp-json\/wp\/v2\/media?parent=48"}],"wp:term":[{"taxonomy":"category","embeddable":true,"href":"https:\/\/dekarzswarzedz.pl\/cz\/wp-json\/wp\/v2\/categories?post=48"},{"taxonomy":"post_tag","embeddable":true,"href":"https:\/\/dekarzswarzedz.pl\/cz\/wp-json\/wp\/v2\/tags?post=48"}],"curies":[{"name":"wp","href":"https:\/\/api.w.org\/{rel}","templated":true}]}}